{"id":1106,"date":"2019-11-29T12:08:39","date_gmt":"2019-11-29T11:08:39","guid":{"rendered":"http:\/\/roulonsavelo.fr\/?p=1106"},"modified":"2019-11-29T12:08:39","modified_gmt":"2019-11-29T11:08:39","slug":"loi-mobilite-le-velo-reconnu-comme-un-mode-de-deplacement-a-part-entiere","status":"publish","type":"post","link":"https:\/\/roulonsavelo.fr\/index.php\/2019\/11\/29\/loi-mobilite-le-velo-reconnu-comme-un-mode-de-deplacement-a-part-entiere\/","title":{"rendered":"Loi mobilit\u00e9 : Le v\u00e9lo reconnu comme un mode de d\u00e9placement \u00e0 part enti\u00e8re"},"content":{"rendered":"<div>Pr\u00e9sent\u00e9e en conseil des ministres le 26 novembre 2018, <strong>la Loi d\u2019Orientation des Mobilit\u00e9s a \u00e9t\u00e9 adopt\u00e9e d\u00e9finitivement par l\u2019Assembl\u00e9e Nationale le 19 novembre 2019.<\/strong><\/div>\n<div><\/div>\n<div>Au-del\u00e0 du tr\u00e8s symbolique \u00ab droit \u00e0 la mobilit\u00e9 active \u00bb, de nombreux leviers sont cr\u00e9\u00e9s par la loi, en vue de doter la France d\u2019un v\u00e9ritable syst\u00e8me v\u00e9lo. Citons notamment :<\/div>\n<div><\/div>\n<div>\n<ul>\n<li>l\u2019apprentissage syst\u00e9matis\u00e9 de la mobilit\u00e9 \u00e0 v\u00e9lo avant l\u2019entr\u00e9e au coll\u00e8ge,<\/li>\n<li>l\u2019\u00e9volution du code de l\u2019environnement pour rendre obligatoire la r\u00e9alisation de r\u00e9seaux cyclables complets, continus et s\u00e9curis\u00e9s &#8211; y compris hors agglom\u00e9rations,<\/li>\n<li>la lutte contre le vol et le recel de v\u00e9lo, en rendant obligatoire l\u2019identification des v\u00e9los neufs \u00e0 partir de 2021,<\/li>\n<li>la mise en place facilit\u00e9e de stationnement s\u00e9curis\u00e9 dans les copropri\u00e9t\u00e9s,<\/li>\n<li>l\u2019am\u00e9lioration de la compl\u00e9mentarit\u00e9 v\u00e9lo\/train et v\u00e9lo\/autocar, notamment la cr\u00e9ation d\u2019obligations en termes de stationnement s\u00e9curis\u00e9 dans les gares et les p\u00f4les multimodaux, \u00e0 l\u2019horizon 2024, ainsi que sur le transport des v\u00e9los dans les trains et dans les cars,<\/li>\n<li>la cr\u00e9ation d\u2019un \u00ab forfait mobilit\u00e9s durables \u00bb, une prime v\u00e9lo d\u00e9fiscalis\u00e9e jusqu\u2019\u00e0 400 euros par an, outil d\u2019incitation \u00e0 la transition \u00e9cologique des salari\u00e9s pour leurs employeurs, lesquels discuteront dor\u00e9navant de la mobilit\u00e9 lors des n\u00e9gociations annuelles obligatoires,<\/li>\n<li>l\u2019obligation d\u2019accompagner les publicit\u00e9s automobiles d\u2019un message promotionnel encourageant l\u2019usage des mobilit\u00e9s actives et partag\u00e9es.<\/li>\n<\/ul>\n<\/div>\n","protected":false},"excerpt":{"rendered":"<p>Pr\u00e9sent\u00e9e en conseil des ministres le 26 novembre 2018, la Loi d\u2019Orientation des Mobilit\u00e9s a \u00e9t\u00e9 adopt\u00e9e d\u00e9finitivement par l\u2019Assembl\u00e9e Nationale le 19 novembre 2019. Au-del\u00e0 du tr\u00e8s symbolique \u00ab droit \u00e0 la mobilit\u00e9 active \u00bb, de nombreux leviers sont cr\u00e9\u00e9s par la loi, en vue de doter la France d\u2019un v\u00e9ritable syst\u00e8me v\u00e9lo. Citons [&hellip;]<\/p>\n","protected":false},"author":1,"featured_media":1107,"comment_status":"open","ping_status":"open","sticky":false,"template":"","format":"standard","meta":{"footnotes":""},"categories":[19,21],"tags":[],"class_list":["post-1106","post","type-post","status-publish","format-standard","has-post-thumbnail","hentry","category-actualites","category-documents-militer"],"jetpack_featured_media_url":"https:\/\/roulonsavelo.fr\/wp-content\/uploads\/2019\/11\/561208fa4bd63e85227a58c3ec88c5ea8ed50aaa1191a3eb8cfe6a801b73345c.jpg","jetpack_sharing_enabled":true,"jetpack_shortlink":"https:\/\/wp.me\/p9gOw2-hQ","_links":{"self":[{"href":"https:\/\/roulonsavelo.fr\/index.php\/wp-json\/wp\/v2\/posts\/1106","targetHints":{"allow":["GET"]}}],"collection":[{"href":"https:\/\/roulonsavelo.fr\/index.php\/wp-json\/wp\/v2\/posts"}],"about":[{"href":"https:\/\/roulonsavelo.fr\/index.php\/wp-json\/wp\/v2\/types\/post"}],"author":[{"embeddable":true,"href":"https:\/\/roulonsavelo.fr\/index.php\/wp-json\/wp\/v2\/users\/1"}],"replies":[{"embeddable":true,"href":"https:\/\/roulonsavelo.fr\/index.php\/wp-json\/wp\/v2\/comments?post=1106"}],"version-history":[{"count":2,"href":"https:\/\/roulonsavelo.fr\/index.php\/wp-json\/wp\/v2\/posts\/1106\/revisions"}],"predecessor-version":[{"id":1109,"href":"https:\/\/roulonsavelo.fr\/index.php\/wp-json\/wp\/v2\/posts\/1106\/revisions\/1109"}],"wp:featuredmedia":[{"embeddable":true,"href":"https:\/\/roulonsavelo.fr\/index.php\/wp-json\/wp\/v2\/media\/1107"}],"wp:attachment":[{"href":"https:\/\/roulonsavelo.fr\/index.php\/wp-json\/wp\/v2\/media?parent=1106"}],"wp:term":[{"taxonomy":"category","embeddable":true,"href":"https:\/\/roulonsavelo.fr\/index.php\/wp-json\/wp\/v2\/categories?post=1106"},{"taxonomy":"post_tag","embeddable":true,"href":"https:\/\/roulonsavelo.fr\/index.php\/wp-json\/wp\/v2\/tags?post=1106"}],"curies":[{"name":"wp","href":"https:\/\/api.w.org\/{rel}","templated":true}]}}