{"id":1715,"date":"2022-04-08T11:30:50","date_gmt":"2022-04-08T09:30:50","guid":{"rendered":"https:\/\/roulonsavelo.fr\/?p=1715"},"modified":"2022-04-12T09:29:19","modified_gmt":"2022-04-12T07:29:19","slug":"conference-stein-van-oosteren-vendredi-29-04-a-20h-salles-des-fetes-hotel-de-ville-avignon","status":"publish","type":"post","link":"https:\/\/roulonsavelo.fr\/index.php\/2022\/04\/08\/conference-stein-van-oosteren-vendredi-29-04-a-20h-salles-des-fetes-hotel-de-ville-avignon\/","title":{"rendered":"Conf\u00e9rence Stein Van Oosteren &#8211; Vendredi 29\/04 \u00e0 20h &#8211; Salles des F\u00eates, H\u00f4tel de Ville &#8211; Avignon"},"content":{"rendered":"<p>Roulons \u00e0 V\u00e9lo, en partenariat avec le Collectif Wocon, vous propose une conf\u00e9rence de Stein Van Oosteren le vendredi 29 Avril \u00e0 20h (Entr\u00e9e libre), \u00e0 la Salle des f\u00eates de l&rsquo;Hotel de Ville d&rsquo;Avignon!<\/p>\n<div><\/div>\n<div><u><b>Qui est\u00a0<span class=\"gmail-il\">Stein<\/span>\u00a0van Oosteren ?<\/b><\/u><br \/>\nSp\u00e9cialiste du v\u00e9lo au quotidien (et par ailleurs diplomate pour le gouvernement n\u00e9erlandais),\u00a0<span class=\"gmail-il\">Stein<\/span>\u00a0est porte parole du collectif v\u00e9lo Ile de France. Il vient d&rsquo;\u00e9crire un livre \u00ab\u00a0Pourquoi pas le v\u00e9lo ?\u00a0\u00bb (\u00e9d Ecosoci\u00e9t\u00e9 &#8211; 2021) et parcourt la France pour animer des conf\u00e9rences et d\u00e9bats autour du d\u00e9veloppement du v\u00e9lo dans les villes. Convaincu et convaincant, il croise l&rsquo;exp\u00e9rience (et l&rsquo;avance) des Pays-Bas (o\u00f9 il a grandi) au niveau du d\u00e9veloppement du v\u00e9lo et d\u00e9veloppe un argumentaire qui s&rsquo;adresse aussi bien aux cyclistes qu&rsquo;aux \u00e9lus et professionnels impliqu\u00e9s dans les transports et le d\u00e9veloppement urbain. Pour le r\u00e9sumer : non, l&rsquo;avance des pays du nord concernant le v\u00e9lo au quotidien n&rsquo;est pas due \u00e0 une culture sp\u00e9cifique de ces pays et la r\u00e9volution du v\u00e9lo en ville est sur le point de se produire \u00e9galement en France&#8230; elle a m\u00eame d\u00e9j\u00e0 commenc\u00e9, acc\u00e9l\u00e9r\u00e9e r\u00e9cemment par l&rsquo;\u00e9pid\u00e9mie de covid. Que doit-on changer dans nos villes pour accompagner cette mutation profonde ? Et l&rsquo;actualit\u00e9 toute r\u00e9cente de la guerre en Ukraine va sans nul doute pousser nos pays \u00e0 r\u00e9duire plus vite encore notre d\u00e9pendance aux \u00e9nergies fossiles&#8230; La voiture individuelle va lib\u00e9rer de l&rsquo;espace dans nos villes. Le v\u00e9lo est une des alternatives aussi souhaitable qu&rsquo;in\u00e9vitable pour nos d\u00e9placements. Comment pr\u00e9parer nos villes \u00e0 cette transition ?<\/div>\n<div><\/div>\n<div><\/div>\n<div><strong>Ci-dessous une interview de Stein Van Osterenn pour Brut en 2018 :<\/strong><\/div>\n<p><span class=\"embed-youtube\" style=\"text-align:center; display: block;\"><iframe loading=\"lazy\" class=\"youtube-player\" width=\"1500\" height=\"844\" src=\"https:\/\/www.youtube.com\/embed\/1mqmbbMB_qg?version=3&#038;rel=1&#038;showsearch=0&#038;showinfo=1&#038;iv_load_policy=1&#038;fs=1&#038;hl=fr-FR&#038;autohide=2&#038;wmode=transparent\" allowfullscreen=\"true\" style=\"border:0;\" sandbox=\"allow-scripts allow-same-origin allow-popups allow-presentation\"><\/iframe><\/span><\/p>\n","protected":false},"excerpt":{"rendered":"<p>Roulons \u00e0 V\u00e9lo, en partenariat avec le Collectif Wocon, vous propose une conf\u00e9rence de Stein Van Oosteren le vendredi 29 Avril \u00e0 20h (Entr\u00e9e libre), \u00e0 la Salle des f\u00eates de l&rsquo;Hotel de Ville d&rsquo;Avignon! Qui est\u00a0Stein\u00a0van Oosteren ? Sp\u00e9cialiste du v\u00e9lo au quotidien (et par ailleurs diplomate pour le gouvernement n\u00e9erlandais),\u00a0Stein\u00a0est porte parole du [&hellip;]<\/p>\n","protected":false},"author":1,"featured_media":1726,"comment_status":"open","ping_status":"open","sticky":false,"template":"","format":"standard","meta":{"footnotes":""},"categories":[19],"tags":[],"class_list":["post-1715","post","type-post","status-publish","format-standard","has-post-thumbnail","hentry","category-actualites"],"jetpack_featured_media_url":"https:\/\/roulonsavelo.fr\/wp-content\/uploads\/2022\/04\/portrait-de-stein-van-oosteren-le-velostein_van_oosteren_-_copie-2.jpg","jetpack_sharing_enabled":true,"jetpack_shortlink":"https:\/\/wp.me\/p9gOw2-rF","_links":{"self":[{"href":"https:\/\/roulonsavelo.fr\/index.php\/wp-json\/wp\/v2\/posts\/1715","targetHints":{"allow":["GET"]}}],"collection":[{"href":"https:\/\/roulonsavelo.fr\/index.php\/wp-json\/wp\/v2\/posts"}],"about":[{"href":"https:\/\/roulonsavelo.fr\/index.php\/wp-json\/wp\/v2\/types\/post"}],"author":[{"embeddable":true,"href":"https:\/\/roulonsavelo.fr\/index.php\/wp-json\/wp\/v2\/users\/1"}],"replies":[{"embeddable":true,"href":"https:\/\/roulonsavelo.fr\/index.php\/wp-json\/wp\/v2\/comments?post=1715"}],"version-history":[{"count":6,"href":"https:\/\/roulonsavelo.fr\/index.php\/wp-json\/wp\/v2\/posts\/1715\/revisions"}],"predecessor-version":[{"id":1723,"href":"https:\/\/roulonsavelo.fr\/index.php\/wp-json\/wp\/v2\/posts\/1715\/revisions\/1723"}],"wp:featuredmedia":[{"embeddable":true,"href":"https:\/\/roulonsavelo.fr\/index.php\/wp-json\/wp\/v2\/media\/1726"}],"wp:attachment":[{"href":"https:\/\/roulonsavelo.fr\/index.php\/wp-json\/wp\/v2\/media?parent=1715"}],"wp:term":[{"taxonomy":"category","embeddable":true,"href":"https:\/\/roulonsavelo.fr\/index.php\/wp-json\/wp\/v2\/categories?post=1715"},{"taxonomy":"post_tag","embeddable":true,"href":"https:\/\/roulonsavelo.fr\/index.php\/wp-json\/wp\/v2\/tags?post=1715"}],"curies":[{"name":"wp","href":"https:\/\/api.w.org\/{rel}","templated":true}]}}