{"id":951,"date":"2019-09-27T13:26:16","date_gmt":"2019-09-27T11:26:16","guid":{"rendered":"http:\/\/roulonsavelo.fr\/?p=951"},"modified":"2019-09-27T13:28:02","modified_gmt":"2019-09-27T11:28:02","slug":"communique-de-presse-tramway-et-chronhop","status":"publish","type":"post","link":"https:\/\/roulonsavelo.fr\/index.php\/2019\/09\/27\/communique-de-presse-tramway-et-chronhop\/","title":{"rendered":"Communiqu\u00e9 de Presse (Tramway et Chron&rsquo;HOP)"},"content":{"rendered":"<p style=\"text-align: center;\"><strong>COMMUNIQUE de PRESSE<\/strong><\/p>\n<p><strong>\u00a0<\/strong><\/p>\n<p style=\"text-align: center;\"><strong>Circulation et infrastructures du TRAM<\/strong><\/p>\n<p>Suite \u00e0 leur lettre adress\u00e9e le 18 ao\u00fbt dernier au Grand Avignon, \u00a0les trois associations signataires \u00a0FFMC-84, Roulons \u00e0 V\u00e9los et Bien Vivre \u00e0 Saint Ruf ont \u00e9t\u00e9 re\u00e7ues mardi 10 septembre par M. VACARIS , Pr\u00e9sident du Grand Avignon. Il \u00e9tait accompagn\u00e9 par M. BELLEGARDE Vice-Pr\u00e9sident ,\u00a0 M. AUDIBERT directeur de TECELYS et\u00a0 deux collaborateurs.<\/p>\n<p>La discussion a \u00e9t\u00e9 franche et constructive.<\/p>\n<p>Les associations ont pr\u00e9sent\u00e9 leurs pr\u00e9occupations pour la s\u00e9curit\u00e9 des pi\u00e9tons, notamment des \u00a0\u00e9coliers et des\u00a0personnes \u00e0 mobilit\u00e9 r\u00e9duite et des usagers v\u00e9los et motos. Elles ont soulign\u00e9 les difficult\u00e9s de circulation, \u00a0de desserte des commerces et de stationnement des voitures sur le bd. St.Ruf et l\u2019,Avenue de Tarascon. Le Grand Avignon et TECELYS ont reconnu effectivement des erreurs de conception sur les am\u00e9nagements et sur la signalisation.<\/p>\n<p>Des rectifications vont \u00eatre apport\u00e9es \u00a0avant la mise en service du TRAM par l\u2019\u00e9tude de la mise en place d\u2019une zone 20\u00a0 et la pose de logos \u00ab\u00a0v\u00e9los\u00a0\u00bb entre les rails de la voie nord-sud ,la suppression de certaines bordurettes g\u00eanantes\u00a0 et dangereuses pour les 2 roues et les voitures\u00a0;<\/p>\n<p>la bordure centrale entre les deux voies du Tram\u00a0 et certaines bordures seront rendues visibles par la pose de peinture. La signalisation routi\u00e8re sera renforc\u00e9e et les passages pi\u00e9tons seront\u00a0 mieux mat\u00e9rialis\u00e9s au sol.<\/p>\n<p>La continuit\u00e9 de l&rsquo;itin\u00e9raire v\u00e9lo depuis le bd.Gambetta,le Bd. St.Ruf vers l&rsquo;av. Du Moulin Notre Dame sera assur\u00e9e.<\/p>\n<p>Des rambardes seront pos\u00e9es sur les trottoirs du pont SNCF du bd. St.Ruf.<\/p>\n<p>La FFMC-84 et Roulons \u00e0 V\u00e9lo ont \u00e9galement soulev\u00e9 leurs inqui\u00e9tudes sur \u00a0le trac\u00e9 des bus CHRON\u2019HOP et notamment l\u2019absence de continuit\u00e9 des itin\u00e9raires v\u00e9los.<\/p>\n<p>Roulons \u00e0 v\u00e9lo rappelle la n\u00e9cessit\u00e9 d\u2019un plan d\u2019ensemble des itin\u00e9raires v\u00e9los que ce soit par signalisation verticale, horizontale ou tricolore et de la r\u00e9alisation d\u2019itin\u00e9raires\u00a0 de d\u00e9viation \u00ab\u00a0 v\u00e9lo\u00a0\u00bb s\u00e9curis\u00e9s et cr\u00e9dibles\u00a0 dans la mesure o\u00f9 les nouveaux am\u00e9nagements r\u00e9alis\u00e9s d\u00e9favorisent\u00a0 la\u00a0 circulation des v\u00e9los\u00a0 ou carr\u00e9ment l\u2019interdise (ce qui est le cas pour\u00a0 l\u2019av. de Tarascon et le Bd.St.Ruf dans le sens sud-nord.)<\/p>\n<p>M. VACARIS a demand\u00e9 \u00e0 ses services que le maximum d\u2019am\u00e9nagements demand\u00e9s soient \u00e9tudi\u00e9s et si possible r\u00e9alis\u00e9s prochainement et d&rsquo;organiser une visite avec les associations tant sur Saint RUF que sur l\u2019ensemble de l\u2019itin\u00e9raire du Tram et des 2 lignes CHRON\u2019HOP avant l&rsquo;inauguration du Tram pr\u00e9vue le 19 octobre afin d&rsquo;examiner point par point les am\u00e9liorations apport\u00e9es.<\/p>\n<p>Un point d&rsquo;\u00e9tape entre le Grand Avignon et \u00a0les associations est pr\u00e9vu en d\u00e9cembre 2019 ou en janvier 2020.<\/p>\n","protected":false},"excerpt":{"rendered":"<p>COMMUNIQUE de PRESSE \u00a0 Circulation et infrastructures du TRAM Suite \u00e0 leur lettre adress\u00e9e le 18 ao\u00fbt dernier au Grand Avignon, \u00a0les trois associations signataires \u00a0FFMC-84, Roulons \u00e0 V\u00e9los et Bien Vivre \u00e0 Saint Ruf ont \u00e9t\u00e9 re\u00e7ues mardi 10 septembre par M. VACARIS , Pr\u00e9sident du Grand Avignon. Il \u00e9tait accompagn\u00e9 par M. BELLEGARDE [&hellip;]<\/p>\n","protected":false},"author":1,"featured_media":954,"comment_status":"open","ping_status":"open","sticky":false,"template":"","format":"standard","meta":{"footnotes":""},"categories":[19],"tags":[],"class_list":["post-951","post","type-post","status-publish","format-standard","has-post-thumbnail","hentry","category-actualites"],"jetpack_featured_media_url":"https:\/\/roulonsavelo.fr\/wp-content\/uploads\/2019\/09\/Tram-du-grand-Avignon-deuxieme-ligne.png","jetpack_sharing_enabled":true,"jetpack_shortlink":"https:\/\/wp.me\/p9gOw2-fl","_links":{"self":[{"href":"https:\/\/roulonsavelo.fr\/index.php\/wp-json\/wp\/v2\/posts\/951","targetHints":{"allow":["GET"]}}],"collection":[{"href":"https:\/\/roulonsavelo.fr\/index.php\/wp-json\/wp\/v2\/posts"}],"about":[{"href":"https:\/\/roulonsavelo.fr\/index.php\/wp-json\/wp\/v2\/types\/post"}],"author":[{"embeddable":true,"href":"https:\/\/roulonsavelo.fr\/index.php\/wp-json\/wp\/v2\/users\/1"}],"replies":[{"embeddable":true,"href":"https:\/\/roulonsavelo.fr\/index.php\/wp-json\/wp\/v2\/comments?post=951"}],"version-history":[{"count":3,"href":"https:\/\/roulonsavelo.fr\/index.php\/wp-json\/wp\/v2\/posts\/951\/revisions"}],"predecessor-version":[{"id":955,"href":"https:\/\/roulonsavelo.fr\/index.php\/wp-json\/wp\/v2\/posts\/951\/revisions\/955"}],"wp:featuredmedia":[{"embeddable":true,"href":"https:\/\/roulonsavelo.fr\/index.php\/wp-json\/wp\/v2\/media\/954"}],"wp:attachment":[{"href":"https:\/\/roulonsavelo.fr\/index.php\/wp-json\/wp\/v2\/media?parent=951"}],"wp:term":[{"taxonomy":"category","embeddable":true,"href":"https:\/\/roulonsavelo.fr\/index.php\/wp-json\/wp\/v2\/categories?post=951"},{"taxonomy":"post_tag","embeddable":true,"href":"https:\/\/roulonsavelo.fr\/index.php\/wp-json\/wp\/v2\/tags?post=951"}],"curies":[{"name":"wp","href":"https:\/\/api.w.org\/{rel}","templated":true}]}}